{"id":1976,"date":"2015-05-04T14:43:09","date_gmt":"2015-05-04T17:43:09","guid":{"rendered":"http:\/\/siquirj.com.br\/?p=1976"},"modified":"2015-05-04T14:43:09","modified_gmt":"2015-05-04T17:43:09","slug":"palestra-sobre-cenario-e-ajuste-economico","status":"publish","type":"post","link":"https:\/\/siquirj.com.br\/site2013\/palestra-sobre-cenario-e-ajuste-economico\/","title":{"rendered":"Palestra sobre Cen\u00e1rio e Ajuste Econ\u00f4mico"},"content":{"rendered":"<p>No \u00faltimo dia 9 de abril, o SIQUIRJ recebeu Guilherme Merc\u00eas, gerente de estudos econ\u00f4micos da FIRJAN, para uma exposi\u00e7\u00e3o sobre o Ajuste Econ\u00f4mico, com fins de esclarecer ao setor qu\u00edmico o panorama econ\u00f4mico e as medidas que est\u00e3o sendo tomadas para conduzir a pol\u00edtica econ\u00f4mica nacional.<br \/>\n\tCome\u00e7ando pelo quadro internacional, Guilherme Merc\u00eas exp\u00f4s a rivalidade dos Estados Unidos e do Oriente M\u00e9dio na quest\u00e3o petrol\u00edfera e a recupera\u00e7\u00e3o econ\u00f4mica do primeiro na oferta global de energia a partir do shale gas, que motivou a OPEP a baratear o barril do petr\u00f3leo para retomada de suas economias. Para os pa\u00edses n\u00e3o produtores, representou a redu\u00e7\u00e3o na taxa de juros pela diminui\u00e7\u00e3o dos custos, como China e Turquia, enquanto aos produtores representou uma queda indiscut\u00edvel nos lucros das na\u00e7\u00f5es, como o Brasil.<br \/>\n\tAinda no panorama internacional, Guilherme Merc\u00eas citou a pol\u00edtica monet\u00e1ria das na\u00e7\u00f5es, como o atual fortalecimento do d\u00f3lar e o enfraquecimento do euro. A desacelera\u00e7\u00e3o do crescimento da China tamb\u00e9m foi apontada como um dos fatores de impactos na economia brasileira, visto que era um grande importador dos produtos nacionais.<br \/>\n\tGuilherme Merc\u00eas iniciou sua exposi\u00e7\u00e3o do cen\u00e1rio brasileiro evidenciando que a culpa n\u00e3o \u00e9 exclusivamente internacional, ao contr\u00e1rio do que diz o governo federal. Tomando como base pa\u00edses emergentes mostrou: que a taxa de c\u00e2mbio do Real foi a que mais se desvalorizou; que o risco pa\u00eds foi o que mais cresceu; que o desempenho no mercado acion\u00e1rio o que mais caiu, inclusive com na\u00e7\u00f5es semelhantes em ascens\u00e3o, o Brasil \u00e9 um dos poucos em queda; que a taxa de juros \u00e9 uma das poucas em ascens\u00e3o, mesmo com o pa\u00eds em recess\u00e3o, enquanto a maioria do mundo est\u00e1 reduzindo suas taxas.<br \/>\nO economista salientou que com o PIB em -1%, haver\u00e1 impacto na ind\u00fastria por volta de 3%. Somente no Rio de Janeiro, nos dois primeiros meses do ano, o saldo bruto de demiss\u00f5es contou com 11.000 demiss\u00f5es na constru\u00e7\u00e3o civil. Comentou que o ajuste econ\u00f4mico se dar\u00e1, de maneira atrasada, basicamente em aumento de impostos, subida de juros e racionamento quantitativo via pre\u00e7os, com aumento da energia el\u00e9trica em 40%.<br \/>\n\tGuilherme Merc\u00eas explicou que uma mudan\u00e7a na taxa de juros leva por volta de 9 meses para ter sentido seus efeitos e a demora do Banco Central em aplicar os ajustes, posterga ainda mais a recupera\u00e7\u00e3o, fazendo com que 2015 seja ano de recess\u00e3o e 2016 de baixo crescimento.<br \/>\n\tNo Rio de Janeiro, a ind\u00fastria de transforma\u00e7\u00e3o est\u00e1 em queda, em mais de 5%, sendo a compara\u00e7\u00e3o de fevereiro de 2015 com 2014, representada por uma queda de 11%.<br \/>\n\tMerc\u00eas mostrou os resultados de um estudo da FIRJAN, revelando que o custo do trabalho da ind\u00fastria, rela\u00e7\u00e3o sal\u00e1rio\/produtividade, foi a que mais avan\u00e7ou, al\u00e9m da carga tribut\u00e1ria que, apesar das desonera\u00e7\u00f5es que n\u00e3o acompanharam a queda da produ\u00e7\u00e3o, aumentou em 7% no PIB, passando a arrecada\u00e7\u00e3o de impostos da ind\u00fastria a somar 45,5% de toda sua arrecada\u00e7\u00e3o, a mais pesada dos setores. Com os lucros esmagados, n\u00e3o h\u00e1 investimentos.<br \/>\n\tFinalizando, o economista da FIRJAN, refor\u00e7ou o empenho da Federa\u00e7\u00e3o na defesa do setor, comentando a elabora\u00e7\u00e3o de propostas para sair da crise protegendo a ind\u00fastria dos impactos, que ser\u00e3o apresentadas ao senhor Ministro da Fazenda, Joaquim Levy.     <\/p>\n","protected":false},"excerpt":{"rendered":"<p>No \u00faltimo dia 9 de abril, o SIQUIRJ recebeu Guilherme Merc\u00eas, gerente de estudos econ\u00f4micos da FIRJAN, para uma exposi\u00e7\u00e3o sobre o Ajuste Econ\u00f4mico, com fins de esclarecer ao setor qu\u00edmico o panorama econ\u00f4mico e as medidas que est\u00e3o sendo tomadas para conduzir a pol\u00edtica econ\u00f4mica nacional. Come\u00e7ando pelo quadro internacional, Guilherme Merc\u00eas exp\u00f4s a rivalidade dos Estados Unidos e [&hellip;]<\/p>\n","protected":false},"author":1,"featured_media":1972,"comment_status":"open","ping_status":"open","sticky":false,"template":"","format":"standard","meta":{"footnotes":""},"categories":[3],"tags":[],"class_list":["post-1976","post","type-post","status-publish","format-standard","has-post-thumbnail","hentry","category-attraction"],"gutentor_comment":0,"jetpack_featured_media_url":"https:\/\/siquirj.com.br\/site2013\/wp-content\/uploads\/merces.png","_links":{"self":[{"href":"https:\/\/siquirj.com.br\/site2013\/wp-json\/wp\/v2\/posts\/1976","targetHints":{"allow":["GET"]}}],"collection":[{"href":"https:\/\/siquirj.com.br\/site2013\/wp-json\/wp\/v2\/posts"}],"about":[{"href":"https:\/\/siquirj.com.br\/site2013\/wp-json\/wp\/v2\/types\/post"}],"author":[{"embeddable":true,"href":"https:\/\/siquirj.com.br\/site2013\/wp-json\/wp\/v2\/users\/1"}],"replies":[{"embeddable":true,"href":"https:\/\/siquirj.com.br\/site2013\/wp-json\/wp\/v2\/comments?post=1976"}],"version-history":[{"count":1,"href":"https:\/\/siquirj.com.br\/site2013\/wp-json\/wp\/v2\/posts\/1976\/revisions"}],"predecessor-version":[{"id":1977,"href":"https:\/\/siquirj.com.br\/site2013\/wp-json\/wp\/v2\/posts\/1976\/revisions\/1977"}],"wp:featuredmedia":[{"embeddable":true,"href":"https:\/\/siquirj.com.br\/site2013\/wp-json\/wp\/v2\/media\/1972"}],"wp:attachment":[{"href":"https:\/\/siquirj.com.br\/site2013\/wp-json\/wp\/v2\/media?parent=1976"}],"wp:term":[{"taxonomy":"category","embeddable":true,"href":"https:\/\/siquirj.com.br\/site2013\/wp-json\/wp\/v2\/categories?post=1976"},{"taxonomy":"post_tag","embeddable":true,"href":"https:\/\/siquirj.com.br\/site2013\/wp-json\/wp\/v2\/tags?post=1976"}],"curies":[{"name":"wp","href":"https:\/\/api.w.org\/{rel}","templated":true}]}}