{"id":1951,"date":"2015-03-30T14:34:31","date_gmt":"2015-03-30T17:34:31","guid":{"rendered":"http:\/\/siquirj.com.br\/?p=1951"},"modified":"2015-07-01T13:37:58","modified_gmt":"2015-07-01T16:37:58","slug":"almoco-com-o-vice-presidente-da-republica","status":"publish","type":"post","link":"https:\/\/siquirj.com.br\/site2013\/almoco-com-o-vice-presidente-da-republica\/","title":{"rendered":"Almo\u00e7o com o Vice-presidente"},"content":{"rendered":"<p>O Sistema FIRJAN recebeu no dia 16 \u00faltimo, o vice-presidente da Rep\u00fablica, Michel Temer, para um almo\u00e7o com empres\u00e1rios fluminenses. O encontro teve a presen\u00e7a do Presidente do SIQUIRJ Isaac Plachta, empres\u00e1rios fluminenses, deputados estaduais e federais, al\u00e9m de outras autoridades. No encontro, o presidente da FIRJAN, Eduardo Eugenio Gouv\u00eaa Vieira, defendeu o pacto pela governabilidade, em que os atores sociais se re\u00fanam em torno de uma \u00fanica mesa de negocia\u00e7\u00e3o para a reprograma\u00e7\u00e3o da economia brasileira.<br \/>\n\u201c\u00c9 preciso ter certeza de que a mudan\u00e7a na condu\u00e7\u00e3o da pol\u00edtica econ\u00f4mica veio para ficar, e que o Executivo estar\u00e1 preparado para oferecer tamb\u00e9m sua cota de sacrif\u00edcio. Os empres\u00e1rios nunca disseram \u2018n\u00e3o\u2019 ao pa\u00eds. Mas tamb\u00e9m esperam que o pa\u00eds n\u00e3o diga \u2018n\u00e3o\u2019 aos empres\u00e1rios numa hora t\u00e3o dif\u00edcil para a atividade produtiva\u201d, declarou o presidente do Sistema FIRJAN.<br \/>\nMichel Temer afirmou que \u00e9 preciso di\u00e1logo permanente com toda a sociedade. \u201cO empresariado poder\u00e1 contribuir enormemente para isso. Precisamos ter humildade para nos unir e reconhecer poss\u00edveis equ\u00edvocos que tenham sido cometidos. O di\u00e1logo com o Congresso, o empresariado e trabalhadores \u00e9 fundamental para que saiamos todos juntos deste imbr\u00f3glio em\u00a0que estamos. N\u00e3o podemos permitir mais uma crise constitucional\u201d, disse o vice-presidente, que tamb\u00e9m abordou a import\u00e2ncia da reforma pol\u00edtica no Pa\u00eds.<\/p>\n<p>Governador do estado do Rio, Luiz Fernando Pez\u00e3o ressaltou a iniciativa da Firjan em ter trazido h\u00e1 duas semanas o ministro do Desenvolvimento, Ind\u00fastria e Com\u00e9rcio Exterior, Armando Monteiro, e agora Michel Temer para o debate com empres\u00e1rios. \u201cO ministro Armando nos deu uma vis\u00e3o do setor empresarial. Temer est\u00e1 tendo a oportunidade de falar sobre o quanto podemos avan\u00e7ar na discuss\u00e3o pol\u00edtica com as classes produtivas, mostrando que o Brasil n\u00e3o pode retornar a um passado que a gente n\u00e3o quer mais ver\u201d.<br \/>\nO prefeito da cidade do Rio, Eduardo Paes, reconheceu a import\u00e2ncia das reivindica\u00e7\u00f5es feitas pelo presidente da FIRJAN. &#8220;Dentre toda a agenda proposta pelo Eduardo Eugenio, eu diria que o processo para se chegar l\u00e1 \u00e9 o maior desafio que temos neste momento. Todos n\u00f3s temos um enorme grau de responsabilidade nisso. Este \u00e9 um Pa\u00eds que mostra que tem um setor produtivo capaz de fazer as transforma\u00e7\u00f5es necess\u00e1rias. O que falta \u00e9 menos ideologia, menos cren\u00e7as imut\u00e1veis. Na hora que n\u00f3s do Governo sentarmos para ouvir o que outros setores t\u00eam a dizer certamente o Brasil vai poder avan\u00e7ar&#8221;.<\/p>\n<p>&nbsp;<\/p>\n","protected":false},"excerpt":{"rendered":"<p>O Sistema FIRJAN recebeu no dia 16 \u00faltimo, o vice-presidente da Rep\u00fablica, Michel Temer, para um almo\u00e7o com empres\u00e1rios fluminenses. O encontro teve a presen\u00e7a do Presidente do SIQUIRJ Isaac Plachta, empres\u00e1rios fluminenses, deputados estaduais e federais, al\u00e9m de outras autoridades. No encontro, o presidente da FIRJAN, Eduardo Eugenio Gouv\u00eaa Vieira, defendeu o pacto pela governabilidade, em que os atores [&hellip;]<\/p>\n","protected":false},"author":1,"featured_media":1952,"comment_status":"open","ping_status":"open","sticky":false,"template":"","format":"standard","meta":{"footnotes":""},"categories":[3],"tags":[],"class_list":["post-1951","post","type-post","status-publish","format-standard","has-post-thumbnail","hentry","category-attraction"],"gutentor_comment":0,"jetpack_featured_media_url":"https:\/\/siquirj.com.br\/site2013\/wp-content\/uploads\/temerj.png","_links":{"self":[{"href":"https:\/\/siquirj.com.br\/site2013\/wp-json\/wp\/v2\/posts\/1951","targetHints":{"allow":["GET"]}}],"collection":[{"href":"https:\/\/siquirj.com.br\/site2013\/wp-json\/wp\/v2\/posts"}],"about":[{"href":"https:\/\/siquirj.com.br\/site2013\/wp-json\/wp\/v2\/types\/post"}],"author":[{"embeddable":true,"href":"https:\/\/siquirj.com.br\/site2013\/wp-json\/wp\/v2\/users\/1"}],"replies":[{"embeddable":true,"href":"https:\/\/siquirj.com.br\/site2013\/wp-json\/wp\/v2\/comments?post=1951"}],"version-history":[{"count":3,"href":"https:\/\/siquirj.com.br\/site2013\/wp-json\/wp\/v2\/posts\/1951\/revisions"}],"predecessor-version":[{"id":2037,"href":"https:\/\/siquirj.com.br\/site2013\/wp-json\/wp\/v2\/posts\/1951\/revisions\/2037"}],"wp:featuredmedia":[{"embeddable":true,"href":"https:\/\/siquirj.com.br\/site2013\/wp-json\/wp\/v2\/media\/1952"}],"wp:attachment":[{"href":"https:\/\/siquirj.com.br\/site2013\/wp-json\/wp\/v2\/media?parent=1951"}],"wp:term":[{"taxonomy":"category","embeddable":true,"href":"https:\/\/siquirj.com.br\/site2013\/wp-json\/wp\/v2\/categories?post=1951"},{"taxonomy":"post_tag","embeddable":true,"href":"https:\/\/siquirj.com.br\/site2013\/wp-json\/wp\/v2\/tags?post=1951"}],"curies":[{"name":"wp","href":"https:\/\/api.w.org\/{rel}","templated":true}]}}